{"id":2364,"date":"2020-08-05T11:25:00","date_gmt":"2020-08-05T11:25:00","guid":{"rendered":"https:\/\/bibo-runge-wein.de\/?p=2364"},"modified":"2020-08-13T09:55:28","modified_gmt":"2020-08-13T09:55:28","slug":"weinwanderung-am-6-9-2020","status":"publish","type":"post","link":"https:\/\/bibo-runge-wein.de\/en\/2020\/08\/05\/weinwanderung-am-6-9-2020\/","title":{"rendered":"Weinwanderung am 13.09.2020"},"content":{"rendered":"<p>Unterwegs auf den Spuren gro\u00dfer Freiheitsk\u00e4mpfer und Dichter in den Hallgartener Weinbergen. Nach einem Begr\u00fc\u00dfungsglas Sekt im Weingut geht es auf eine Wanderung durch bekannte Hallgartener Weinlagen begleitet von interessanten Erl\u00e4uterungen. Bei sch\u00f6nem Wetter findet der Abschluss am historischen REVOLUZZER Gartenhaus mitten in den Weinbergen statt. 35,00\u20ac inkl. Sekt, Wein und Speisen. Tickets gibt es <a rel=\"noreferrer noopener\" href=\"https:\/\/shop-bibo-runge.de\/products\/weinwanderung-am-06-09-2020\" target=\"_blank\">hier<\/a>! Da der Termin am 6.9.2020 schon ausgebucht ist, bieten wir einen zweiten Termin an!<\/p>","protected":false},"excerpt":{"rendered":"<p>Unterwegs auf den Spuren gro\u00dfer Freiheitsk\u00e4mpfer und Dichter in den Hallgartener Weinbergen. Nach einem Begr\u00fc\u00dfungsglas Sekt im Weingut geht es auf eine Wanderung durch bekannte Hallgartener Weinlagen begleitet von interessanten Erl\u00e4uterungen. Bei sch\u00f6nem Wetter findet der Abschluss am historischen REVOLUZZER Gartenhaus mitten in den Weinbergen statt. 35,00\u20ac inkl. Sekt, Wein und Speisen. Tickets gibt es [&hellip;]<\/p>\n","protected":false},"author":3,"featured_media":0,"comment_status":"open","ping_status":"closed","sticky":false,"template":"","format":"standard","meta":{"footnotes":""},"categories":[19],"tags":[],"class_list":["post-2364","post","type-post","status-publish","format-standard","hentry","category-events"],"yoast_head":"<!-- This site is optimized with the Yoast SEO plugin v25.6 - https:\/\/yoast.com\/wordpress\/plugins\/seo\/ -->\n<title>Weinwanderung am 13.09.2020 - Bibo Runge Wein<\/title>\n<meta name=\"robots\" content=\"index, follow, max-snippet:-1, max-image-preview:large, max-video-preview:-1\" \/>\n<link rel=\"canonical\" href=\"https:\/\/bibo-runge-wein.de\/en\/wp-json\/wp\/v2\/posts\/2364\" \/>\n<meta property=\"og:locale\" content=\"en_GB\" \/>\n<meta property=\"og:type\" content=\"article\" \/>\n<meta property=\"og:title\" content=\"Weinwanderung am 13.09.2020 - Bibo Runge Wein\" \/>\n<meta property=\"og:description\" content=\"Unterwegs auf den Spuren gro\u00dfer Freiheitsk\u00e4mpfer und Dichter in den Hallgartener Weinbergen. Nach einem Begr\u00fc\u00dfungsglas Sekt im Weingut geht es auf eine Wanderung durch bekannte Hallgartener Weinlagen begleitet von interessanten Erl\u00e4uterungen. Bei sch\u00f6nem Wetter findet der Abschluss am historischen REVOLUZZER Gartenhaus mitten in den Weinbergen statt. 35,00\u20ac inkl. Sekt, Wein und Speisen. Tickets gibt es [&hellip;]\" \/>\n<meta property=\"og:url\" content=\"https:\/\/bibo-runge-wein.de\/en\/2020\/08\/05\/weinwanderung-am-6-9-2020\/\" \/>\n<meta property=\"og:site_name\" content=\"Bibo Runge Wein\" \/>\n<meta property=\"article:published_time\" content=\"2020-08-05T11:25:00+00:00\" \/>\n<meta property=\"article:modified_time\" content=\"2020-08-13T09:55:28+00:00\" \/>\n<meta name=\"author\" content=\"Monika Eichner\" \/>\n<meta name=\"twitter:card\" content=\"summary_large_image\" \/>\n<meta name=\"twitter:label1\" content=\"Written by\" \/>\n\t<meta name=\"twitter:data1\" content=\"Monika Eichner\" \/>\n<script type=\"application\/ld+json\" class=\"yoast-schema-graph\">{\"@context\":\"https:\/\/schema.org\",\"@graph\":[{\"@type\":\"Article\",\"@id\":\"https:\/\/bibo-runge-wein.de\/en\/2020\/08\/05\/weinwanderung-am-6-9-2020\/#article\",\"isPartOf\":{\"@id\":\"https:\/\/bibo-runge-wein.de\/en\/2020\/08\/05\/weinwanderung-am-6-9-2020\/\"},\"author\":{\"name\":\"Monika Eichner\",\"@id\":\"https:\/\/bibo-runge-wein.de\/#\/schema\/person\/4b5fa809b8ed528518af0b6882637134\"},\"headline\":\"Weinwanderung am 13.09.2020\",\"datePublished\":\"2020-08-05T11:25:00+00:00\",\"dateModified\":\"2020-08-13T09:55:28+00:00\",\"mainEntityOfPage\":{\"@id\":\"https:\/\/bibo-runge-wein.de\/en\/2020\/08\/05\/weinwanderung-am-6-9-2020\/\"},\"wordCount\":75,\"commentCount\":0,\"publisher\":{\"@id\":\"https:\/\/bibo-runge-wein.de\/#organization\"},\"articleSection\":[\"Events\"],\"inLanguage\":\"en-GB\",\"potentialAction\":[{\"@type\":\"CommentAction\",\"name\":\"Comment\",\"target\":[\"https:\/\/bibo-runge-wein.de\/en\/2020\/08\/05\/weinwanderung-am-6-9-2020\/#respond\"]}]},{\"@type\":\"WebPage\",\"@id\":\"https:\/\/bibo-runge-wein.de\/en\/2020\/08\/05\/weinwanderung-am-6-9-2020\/\",\"url\":\"https:\/\/bibo-runge-wein.de\/en\/2020\/08\/05\/weinwanderung-am-6-9-2020\/\",\"name\":\"Weinwanderung am 13.09.2020 - Bibo Runge Wein\",\"isPartOf\":{\"@id\":\"https:\/\/bibo-runge-wein.de\/#website\"},\"datePublished\":\"2020-08-05T11:25:00+00:00\",\"dateModified\":\"2020-08-13T09:55:28+00:00\",\"breadcrumb\":{\"@id\":\"https:\/\/bibo-runge-wein.de\/en\/2020\/08\/05\/weinwanderung-am-6-9-2020\/#breadcrumb\"},\"inLanguage\":\"en-GB\",\"potentialAction\":[{\"@type\":\"ReadAction\",\"target\":[\"https:\/\/bibo-runge-wein.de\/en\/2020\/08\/05\/weinwanderung-am-6-9-2020\/\"]}]},{\"@type\":\"BreadcrumbList\",\"@id\":\"https:\/\/bibo-runge-wein.de\/en\/2020\/08\/05\/weinwanderung-am-6-9-2020\/#breadcrumb\",\"itemListElement\":[{\"@type\":\"ListItem\",\"position\":1,\"name\":\"Startseite\",\"item\":\"https:\/\/bibo-runge-wein.de\/\"},{\"@type\":\"ListItem\",\"position\":2,\"name\":\"Weinwanderung am 13.09.2020\"}]},{\"@type\":\"WebSite\",\"@id\":\"https:\/\/bibo-runge-wein.de\/#website\",\"url\":\"https:\/\/bibo-runge-wein.de\/\",\"name\":\"Bibo Runge Wein\",\"description\":\"Rheingau - Hallgarten\",\"publisher\":{\"@id\":\"https:\/\/bibo-runge-wein.de\/#organization\"},\"potentialAction\":[{\"@type\":\"SearchAction\",\"target\":{\"@type\":\"EntryPoint\",\"urlTemplate\":\"https:\/\/bibo-runge-wein.de\/?s={search_term_string}\"},\"query-input\":{\"@type\":\"PropertyValueSpecification\",\"valueRequired\":true,\"valueName\":\"search_term_string\"}}],\"inLanguage\":\"en-GB\"},{\"@type\":\"Organization\",\"@id\":\"https:\/\/bibo-runge-wein.de\/#organization\",\"name\":\"Bibo Runge Wein\",\"url\":\"https:\/\/bibo-runge-wein.de\/\",\"logo\":{\"@type\":\"ImageObject\",\"inLanguage\":\"en-GB\",\"@id\":\"https:\/\/bibo-runge-wein.de\/#\/schema\/logo\/image\/\",\"url\":\"https:\/\/bibo-runge-wein.de\/wp-content\/uploads\/2019\/04\/bibo_runge_weine_logo_200.png\",\"contentUrl\":\"https:\/\/bibo-runge-wein.de\/wp-content\/uploads\/2019\/04\/bibo_runge_weine_logo_200.png\",\"width\":200,\"height\":125,\"caption\":\"Bibo Runge Wein\"},\"image\":{\"@id\":\"https:\/\/bibo-runge-wein.de\/#\/schema\/logo\/image\/\"}},{\"@type\":\"Person\",\"@id\":\"https:\/\/bibo-runge-wein.de\/#\/schema\/person\/4b5fa809b8ed528518af0b6882637134\",\"name\":\"Monika Eichner\"}]}<\/script>\n<!-- \/ Yoast SEO plugin. -->","yoast_head_json":{"title":"Weinwanderung am 13.09.2020 - Bibo Runge Wein","robots":{"index":"index","follow":"follow","max-snippet":"max-snippet:-1","max-image-preview":"max-image-preview:large","max-video-preview":"max-video-preview:-1"},"canonical":"https:\/\/bibo-runge-wein.de\/en\/wp-json\/wp\/v2\/posts\/2364","og_locale":"en_GB","og_type":"article","og_title":"Weinwanderung am 13.09.2020 - Bibo Runge Wein","og_description":"Unterwegs auf den Spuren gro\u00dfer Freiheitsk\u00e4mpfer und Dichter in den Hallgartener Weinbergen. Nach einem Begr\u00fc\u00dfungsglas Sekt im Weingut geht es auf eine Wanderung durch bekannte Hallgartener Weinlagen begleitet von interessanten Erl\u00e4uterungen. Bei sch\u00f6nem Wetter findet der Abschluss am historischen REVOLUZZER Gartenhaus mitten in den Weinbergen statt. 35,00\u20ac inkl. Sekt, Wein und Speisen. Tickets gibt es [&hellip;]","og_url":"https:\/\/bibo-runge-wein.de\/en\/2020\/08\/05\/weinwanderung-am-6-9-2020\/","og_site_name":"Bibo Runge Wein","article_published_time":"2020-08-05T11:25:00+00:00","article_modified_time":"2020-08-13T09:55:28+00:00","author":"Monika Eichner","twitter_card":"summary_large_image","twitter_misc":{"Written by":"Monika Eichner"},"schema":{"@context":"https:\/\/schema.org","@graph":[{"@type":"Article","@id":"https:\/\/bibo-runge-wein.de\/en\/2020\/08\/05\/weinwanderung-am-6-9-2020\/#article","isPartOf":{"@id":"https:\/\/bibo-runge-wein.de\/en\/2020\/08\/05\/weinwanderung-am-6-9-2020\/"},"author":{"name":"Monika Eichner","@id":"https:\/\/bibo-runge-wein.de\/#\/schema\/person\/4b5fa809b8ed528518af0b6882637134"},"headline":"Weinwanderung am 13.09.2020","datePublished":"2020-08-05T11:25:00+00:00","dateModified":"2020-08-13T09:55:28+00:00","mainEntityOfPage":{"@id":"https:\/\/bibo-runge-wein.de\/en\/2020\/08\/05\/weinwanderung-am-6-9-2020\/"},"wordCount":75,"commentCount":0,"publisher":{"@id":"https:\/\/bibo-runge-wein.de\/#organization"},"articleSection":["Events"],"inLanguage":"en-GB","potentialAction":[{"@type":"CommentAction","name":"Comment","target":["https:\/\/bibo-runge-wein.de\/en\/2020\/08\/05\/weinwanderung-am-6-9-2020\/#respond"]}]},{"@type":"WebPage","@id":"https:\/\/bibo-runge-wein.de\/en\/2020\/08\/05\/weinwanderung-am-6-9-2020\/","url":"https:\/\/bibo-runge-wein.de\/en\/2020\/08\/05\/weinwanderung-am-6-9-2020\/","name":"Weinwanderung am 13.09.2020 - Bibo Runge Wein","isPartOf":{"@id":"https:\/\/bibo-runge-wein.de\/#website"},"datePublished":"2020-08-05T11:25:00+00:00","dateModified":"2020-08-13T09:55:28+00:00","breadcrumb":{"@id":"https:\/\/bibo-runge-wein.de\/en\/2020\/08\/05\/weinwanderung-am-6-9-2020\/#breadcrumb"},"inLanguage":"en-GB","potentialAction":[{"@type":"ReadAction","target":["https:\/\/bibo-runge-wein.de\/en\/2020\/08\/05\/weinwanderung-am-6-9-2020\/"]}]},{"@type":"BreadcrumbList","@id":"https:\/\/bibo-runge-wein.de\/en\/2020\/08\/05\/weinwanderung-am-6-9-2020\/#breadcrumb","itemListElement":[{"@type":"ListItem","position":1,"name":"Startseite","item":"https:\/\/bibo-runge-wein.de\/"},{"@type":"ListItem","position":2,"name":"Weinwanderung am 13.09.2020"}]},{"@type":"WebSite","@id":"https:\/\/bibo-runge-wein.de\/#website","url":"https:\/\/bibo-runge-wein.de\/","name":"Bibo Runge Wein","description":"Rheingau - Hallgarten","publisher":{"@id":"https:\/\/bibo-runge-wein.de\/#organization"},"potentialAction":[{"@type":"SearchAction","target":{"@type":"EntryPoint","urlTemplate":"https:\/\/bibo-runge-wein.de\/?s={search_term_string}"},"query-input":{"@type":"PropertyValueSpecification","valueRequired":true,"valueName":"search_term_string"}}],"inLanguage":"en-GB"},{"@type":"Organization","@id":"https:\/\/bibo-runge-wein.de\/#organization","name":"Bibo Runge Wein","url":"https:\/\/bibo-runge-wein.de\/","logo":{"@type":"ImageObject","inLanguage":"en-GB","@id":"https:\/\/bibo-runge-wein.de\/#\/schema\/logo\/image\/","url":"https:\/\/bibo-runge-wein.de\/wp-content\/uploads\/2019\/04\/bibo_runge_weine_logo_200.png","contentUrl":"https:\/\/bibo-runge-wein.de\/wp-content\/uploads\/2019\/04\/bibo_runge_weine_logo_200.png","width":200,"height":125,"caption":"Bibo Runge Wein"},"image":{"@id":"https:\/\/bibo-runge-wein.de\/#\/schema\/logo\/image\/"}},{"@type":"Person","@id":"https:\/\/bibo-runge-wein.de\/#\/schema\/person\/4b5fa809b8ed528518af0b6882637134","name":"Monika Eichner"}]}},"_links":{"self":[{"href":"https:\/\/bibo-runge-wein.de\/en\/wp-json\/wp\/v2\/posts\/2364"}],"collection":[{"href":"https:\/\/bibo-runge-wein.de\/en\/wp-json\/wp\/v2\/posts"}],"about":[{"href":"https:\/\/bibo-runge-wein.de\/en\/wp-json\/wp\/v2\/types\/post"}],"author":[{"embeddable":true,"href":"https:\/\/bibo-runge-wein.de\/en\/wp-json\/wp\/v2\/users\/3"}],"replies":[{"embeddable":true,"href":"https:\/\/bibo-runge-wein.de\/en\/wp-json\/wp\/v2\/comments?post=2364"}],"version-history":[{"count":3,"href":"https:\/\/bibo-runge-wein.de\/en\/wp-json\/wp\/v2\/posts\/2364\/revisions"}],"predecessor-version":[{"id":2391,"href":"https:\/\/bibo-runge-wein.de\/en\/wp-json\/wp\/v2\/posts\/2364\/revisions\/2391"}],"wp:attachment":[{"href":"https:\/\/bibo-runge-wein.de\/en\/wp-json\/wp\/v2\/media?parent=2364"}],"wp:term":[{"taxonomy":"category","embeddable":true,"href":"https:\/\/bibo-runge-wein.de\/en\/wp-json\/wp\/v2\/categories?post=2364"},{"taxonomy":"post_tag","embeddable":true,"href":"https:\/\/bibo-runge-wein.de\/en\/wp-json\/wp\/v2\/tags?post=2364"}],"curies":[{"name":"wp","href":"https:\/\/api.w.org\/{rel}","templated":true}]}}